{"id":16874,"date":"2022-10-17T17:53:17","date_gmt":"2022-10-17T14:53:17","guid":{"rendered":"https:\/\/ihm.com.tr\/?p=16874"},"modified":"2022-10-17T17:53:17","modified_gmt":"2022-10-17T14:53:17","slug":"maltepede-nursel-bircani-cekicle-olduren-supheli-adliyeye-sevk-edildi","status":"publish","type":"post","link":"https:\/\/www.ihm.tr\/tr-int\/istanbul\/maltepe\/maltepede-nursel-bircani-cekicle-olduren-supheli-adliyeye-sevk-edildi\/16874\/","title":{"rendered":"Maltepe&#8217;de Nursel Bircan&#8217;\u0131 \u00e7eki\u00e7le \u00f6ld\u00fcren \u015f\u00fcpheli adliyeye sevk edildi"},"content":{"rendered":"<p>Maltepe, Z\u00fcmr\u00fctevler mahallesinde d\u00fcn meydana gelen olayda, 39 ya\u015f\u0131ndaki Nursel Bircan annesine bak\u0131c\u0131l\u0131k yapt\u0131\u011f\u0131 Kamil Hakan Karabulut taraf\u0131ndan ba\u015f\u0131na \u00e7eki\u00e7le vurularak \u00f6ld\u00fcr\u00fclm\u00fc\u015ft\u00fc. Polis olaydan hemen sonra ayn\u0131 evde Kamil Hakan Karabulut&#8217;u g\u00f6zalt\u0131na alm\u0131\u015ft\u0131. Cinayet s\u0131ras\u0131nda Nursel Bircan&#8217;\u0131n 8 ya\u015f\u0131ndaki \u00e7ocu\u011funun da evde oldu\u011fu \u00f6\u011frenilmi\u015fti. Asayi\u015f \u015eube M\u00fcd\u00fcrl\u00fc\u011f\u00fc, Cinayet B\u00fcro Amirli\u011finde sorgulanan Kamil Hakan Karabulut , demans hastas\u0131 olan 83 ya\u015f\u0131ndaki annesine bak\u0131c\u0131l\u0131k yapan Nursel Bircan&#8217;\u0131 \u00f6ld\u00fcrd\u00fc\u011f\u00fcn\u00fc itiraf etti\u011fi \u00f6\u011frenildi.  Emniyetteki i\u015flemlerinin ard\u0131ndan \u015f\u00fcpheli adliyeye sevk edildi. <\/p>\n","protected":false},"excerpt":{"rendered":"<p>Maltepe&#8217;de annesine bak\u0131c\u0131l\u0131k yapan 39 ya\u015f\u0131ndaki Nursel Bircan&#8217;\u0131 ba\u015f\u0131na \u00e7eki\u00e7le vurarak \u00f6ld\u00fcrd\u00fckten sonra yakalanan Kamil Hakan Karabulut adliyeye sevk edildi.<\/p>\n","protected":false},"author":6,"featured_media":16876,"comment_status":"open","ping_status":"open","sticky":false,"template":"","format":"standard","meta":{"footnotes":""},"categories":[35],"tags":[2582,1158,213,73],"class_list":["post-16874","post","type-post","status-publish","format-standard","has-post-thumbnail","hentry","category-maltepe","tag-bakici","tag-cinayet","tag-maltepe","tag-manset"],"_links":{"self":[{"href":"https:\/\/www.ihm.tr\/tr-int\/wp-json\/wp\/v2\/posts\/16874","targetHints":{"allow":["GET"]}}],"collection":[{"href":"https:\/\/www.ihm.tr\/tr-int\/wp-json\/wp\/v2\/posts"}],"about":[{"href":"https:\/\/www.ihm.tr\/tr-int\/wp-json\/wp\/v2\/types\/post"}],"author":[{"embeddable":true,"href":"https:\/\/www.ihm.tr\/tr-int\/wp-json\/wp\/v2\/users\/6"}],"replies":[{"embeddable":true,"href":"https:\/\/www.ihm.tr\/tr-int\/wp-json\/wp\/v2\/comments?post=16874"}],"version-history":[{"count":1,"href":"https:\/\/www.ihm.tr\/tr-int\/wp-json\/wp\/v2\/posts\/16874\/revisions"}],"predecessor-version":[{"id":16877,"href":"https:\/\/www.ihm.tr\/tr-int\/wp-json\/wp\/v2\/posts\/16874\/revisions\/16877"}],"wp:featuredmedia":[{"embeddable":true,"href":"https:\/\/www.ihm.tr\/tr-int\/wp-json\/wp\/v2\/media\/16876"}],"wp:attachment":[{"href":"https:\/\/www.ihm.tr\/tr-int\/wp-json\/wp\/v2\/media?parent=16874"}],"wp:term":[{"taxonomy":"category","embeddable":true,"href":"https:\/\/www.ihm.tr\/tr-int\/wp-json\/wp\/v2\/categories?post=16874"},{"taxonomy":"post_tag","embeddable":true,"href":"https:\/\/www.ihm.tr\/tr-int\/wp-json\/wp\/v2\/tags?post=16874"}],"curies":[{"name":"wp","href":"https:\/\/api.w.org\/{rel}","templated":true}]}}