{"id":18806,"date":"2023-05-26T03:10:48","date_gmt":"2023-05-26T00:10:48","guid":{"rendered":"https:\/\/www.ihm.com.tr\/tr\/?p=18806"},"modified":"2023-05-26T03:10:48","modified_gmt":"2023-05-26T00:10:48","slug":"kucukcekmecede-otomobil-takla-atti-3-yarali","status":"publish","type":"post","link":"https:\/\/www.ihm.tr\/tr-int\/istanbul\/kucukcekmece\/kucukcekmecede-otomobil-takla-atti-3-yarali\/18806\/","title":{"rendered":"K\u00fc\u00e7\u00fck\u00e7ekmece&#8217;de otomobil takla att\u0131: 3 yaral\u0131"},"content":{"rendered":"<p>Kaza, saat 22.20 s\u0131ralar\u0131nda K\u00fc\u00e7\u00fck\u00e7ekmece \u0130stasyon Mahallesi Turgut \u00d6zal Bulvar\u0131&#8217;nda meydana geldi.<\/p>\n<p>\u0130ddiaya g\u00f6re, en sa\u011f \u015feritte ilerleyen ve hen\u00fcz s\u00fcr\u00fcc\u00fcs\u00fcn\u00fcn kimli\u011fi \u00f6\u011frenilemeyen otomobil, en sol \u015feritte ve ayn\u0131 y\u00f6nde seyir halinde olan Oktay Kara&#8217;n\u0131n h\u00e2kimiyetindeki 65 ABS 457 plakal\u0131 otomobile \u00e7arpt\u0131.<\/p>\n<p>Direksiyon hakimiyetini kaybeden Oktay Kara, \u00f6n\u00fcnde ilerleyen 34 EHR 208 plakal\u0131 otomobile sol taraftan \u00e7arpt\u0131.<\/p>\n<p>\u00c7arpman\u0131n etkisiyle Kara&#8217;n\u0131n y\u00f6netimindeki otomobil takla att\u0131 ve yolda savrularak trafik \u0131\u015f\u0131klar\u0131 dire\u011fine \u00e7arparak durabildi.<\/p>\n<p>Kazay\u0131 g\u00f6ren di\u011fer s\u00fcr\u00fcc\u00fcler durumu polis, itfaiye ve sa\u011fl\u0131k ekiplerine haber verdi.<\/p>\n<p>Kaza yerine gelen itfaiye ekipleri otomobilin \u00f6n cam\u0131n\u0131 k\u0131rarak, i\u00e7eride bulunan 3 yaral\u0131y\u0131 \u00e7\u0131kard\u0131.<\/p>\n<p>Sa\u011fl\u0131k ekiplerinin kaza yerinde yapt\u0131\u011f\u0131 ilk m\u00fcdahalenin ard\u0131ndan yaral\u0131lar\u0131 ambulansla \u00e7evredeki hastanelere sevk etti.  <\/p>\n<p>\u00d6te yandan, kazaya neden olan ve hen\u00fcz kimli\u011fi \u00f6\u011frenilemeyen otomobil s\u00fcr\u00fcc\u00fcs\u00fc ise kaza yerinden ka\u00e7t\u0131.<\/p>\n<p>Polis ekiplerinin ka\u00e7an s\u00fcr\u00fcc\u00fcn\u00fcn yakalanmas\u0131 i\u00e7in \u00e7al\u0131\u015fmalar\u0131 s\u00fcr\u00fcyor.<\/p>\n","protected":false},"excerpt":{"rendered":"<p>K\u00fc\u00e7\u00fck\u00e7ekmece&#8217;de en sa\u011f \u015feritte ilerlerleyen otomobil, ani manevralarla ayn\u0131 y\u00f6nde sol \u015feritte ilerleyen araca \u00e7arpt\u0131. Kazaya neden olan s\u00fcr\u00fcc\u00fc, olay yerinden ka\u00e7t\u0131.<\/p>\n","protected":false},"author":6,"featured_media":18807,"comment_status":"open","ping_status":"open","sticky":false,"template":"","format":"standard","meta":{"footnotes":""},"categories":[32],"tags":[],"class_list":["post-18806","post","type-post","status-publish","format-standard","has-post-thumbnail","hentry","category-kucukcekmece"],"_links":{"self":[{"href":"https:\/\/www.ihm.tr\/tr-int\/wp-json\/wp\/v2\/posts\/18806","targetHints":{"allow":["GET"]}}],"collection":[{"href":"https:\/\/www.ihm.tr\/tr-int\/wp-json\/wp\/v2\/posts"}],"about":[{"href":"https:\/\/www.ihm.tr\/tr-int\/wp-json\/wp\/v2\/types\/post"}],"author":[{"embeddable":true,"href":"https:\/\/www.ihm.tr\/tr-int\/wp-json\/wp\/v2\/users\/6"}],"replies":[{"embeddable":true,"href":"https:\/\/www.ihm.tr\/tr-int\/wp-json\/wp\/v2\/comments?post=18806"}],"version-history":[{"count":2,"href":"https:\/\/www.ihm.tr\/tr-int\/wp-json\/wp\/v2\/posts\/18806\/revisions"}],"predecessor-version":[{"id":18809,"href":"https:\/\/www.ihm.tr\/tr-int\/wp-json\/wp\/v2\/posts\/18806\/revisions\/18809"}],"wp:featuredmedia":[{"embeddable":true,"href":"https:\/\/www.ihm.tr\/tr-int\/wp-json\/wp\/v2\/media\/18807"}],"wp:attachment":[{"href":"https:\/\/www.ihm.tr\/tr-int\/wp-json\/wp\/v2\/media?parent=18806"}],"wp:term":[{"taxonomy":"category","embeddable":true,"href":"https:\/\/www.ihm.tr\/tr-int\/wp-json\/wp\/v2\/categories?post=18806"},{"taxonomy":"post_tag","embeddable":true,"href":"https:\/\/www.ihm.tr\/tr-int\/wp-json\/wp\/v2\/tags?post=18806"}],"curies":[{"name":"wp","href":"https:\/\/api.w.org\/{rel}","templated":true}]}}