{"id":19027,"date":"2024-01-29T23:30:51","date_gmt":"2024-01-29T20:30:51","guid":{"rendered":"https:\/\/www.ihm.com.tr\/tr-int\/?p=19027"},"modified":"2024-01-29T23:30:51","modified_gmt":"2024-01-29T20:30:51","slug":"kagithane-gayrettepe-metro-hattinin-acilisi-yapildi","status":"publish","type":"post","link":"https:\/\/www.ihm.tr\/tr-int\/istanbul\/kagithane\/kagithane-gayrettepe-metro-hattinin-acilisi-yapildi\/19027\/","title":{"rendered":"Ka\u011f\u0131thane-Gayrettepe Metro Hatt\u0131\u2019n\u0131n a\u00e7\u0131l\u0131\u015f\u0131 yap\u0131ld\u0131"},"content":{"rendered":"<p>Cumhurba\u015fkan\u0131 Recep Tayyip Erdo\u011fan\u2019\u0131n kat\u0131l\u0131m\u0131yla Ka\u011f\u0131thane-Gayrettepe Metro Hatt\u0131\u2019n\u0131n a\u00e7\u0131l\u0131\u015f\u0131 ger\u00e7ekle\u015ftirildi.<\/p>\n<p>D\u00fczenlenen programda konu\u015fan Cumhurba\u015fkan\u0131 Erdo\u011fan, \u0130stanbul Havaliman\u0131 Metrosu Ka\u011f\u0131thane-Gayrettepe etab\u0131n\u0131n hizmete al\u0131nmas\u0131yla \u0130stanbul&#8217;da tamamlanan rayl\u0131 sistem a\u011flar\u0131n\u0131n uzunlu\u011funun 338,5 kilometreye \u00e7\u0131kt\u0131\u011f\u0131n\u0131 ifade etti.<\/p>\n<p>Erdo\u011fan, hatt\u0131n devreye girmesiyle Gayrettepe-\u0130stanbul Havaliman\u0131 aras\u0131n\u0131n 30 dakikaya, G\u00f6kt\u00fcrk-Mahmutbey aras\u0131n\u0131n 38 dakikaya, Tekstilkent-\u0130stanbul Havaliman\u0131 aras\u0131n\u0131n 45 dakikaya, Taksim-\u0130stanbul Havaliman\u0131 aras\u0131n\u0131n 41 dakikaya, Taksim-G\u00f6kt\u00fcrk aras\u0131n\u0131n 26 dakikaya, 4. Levent-\u0130stanbul Havaliman\u0131 aras\u0131n\u0131n 35 dakikaya inece\u011fini s\u00f6yledi.<\/p>\n<p>Erdo\u011fan, &#8220;Bu hatt\u0131m\u0131z\u0131n da hizmete al\u0131nmas\u0131yla \u0130stanbul&#8217;da tamamlanan rayl\u0131 sistem a\u011flar\u0131n\u0131n uzunlu\u011fu 338,5 kilometreye \u00e7\u0131k\u0131yor. Biz s\u00f6yledik mi yapar\u0131z, ortada b\u0131rakmay\u0131z. Belediye ba\u015fkanl\u0131\u011f\u0131ndan tutun daha sonra h\u00fck\u00fcmete geldik.<\/p>\n<p>H\u00fck\u00fcmette de Ula\u015ft\u0131rma Bakanl\u0131\u011f\u0131 olarak bu yollar\u0131, bu h\u0131zl\u0131 tren hatlar\u0131n\u0131, y\u00fcksek h\u0131zl\u0131 tren hatlar\u0131n\u0131 nas\u0131l yapt\u0131ysak, ayn\u0131 \u015fekilde \u0130stanbul&#8217;umuzda da bunu yapt\u0131k. Ama birilerini de hat\u0131rlay\u0131n. Maalesef hafriyatla ne yapt\u0131lar? Kim oldu\u011funu biliyorsunuz, benim s\u00f6ylememe gerek yok.&#8221; diye konu\u015ftu.<\/p>\n<p>\u0130stanbul Havaliman\u0131 Metrosu Ka\u011f\u0131thane-Gayrettepe Etab\u0131 A\u00e7\u0131l\u0131\u015f T\u00f6reni&#8217;nde konu\u015fan Cumhur \u0130ttifak\u0131 \u0130stanbul B\u00fcy\u00fck\u015fehir Belediye Ba\u015fkan aday\u0131 Murat Kurum, &#8220;Milletimiz bize 31 Mart sonras\u0131na haz\u0131r olun diyor. Ekibimizle birlikte el ele vererek \u0130stanbul\u2019un 10 y\u0131ll\u0131k vizyonunu oraya koyduk.<\/p>\n<p>Canla ba\u015fla \u00e7al\u0131\u015faca\u011f\u0131z. \u0130lk be\u015f y\u0131l\u0131n sonunda metro gitmeyen il\u00e7emiz kalmayacak. \u0130stanbul\u2019un trafi\u011fini b\u00fcy\u00fck oranda iyile\u015ftirece\u011fiz. 10 y\u0131l\u0131n sonunda trafik \u00e7ilesi son bulacakt\u0131r&#8221; dedi.<\/p>\n","protected":false},"excerpt":{"rendered":"<p>Cumhurba\u015fkan\u0131 Recep Tayyip Erdo\u011fan\u2019\u0131n kat\u0131l\u0131m\u0131yla Ka\u011f\u0131thane-Gayrettepe Metro Hatt\u0131\u2019n\u0131n a\u00e7\u0131l\u0131\u015f\u0131 yap\u0131ld\u0131.<\/p>\n","protected":false},"author":4,"featured_media":19028,"comment_status":"open","ping_status":"open","sticky":false,"template":"","format":"standard","meta":{"footnotes":""},"categories":[30],"tags":[3178,277],"class_list":["post-19027","post","type-post","status-publish","format-standard","has-post-thumbnail","hentry","category-kagithane","tag-gayrettepe","tag-kagithane"],"_links":{"self":[{"href":"https:\/\/www.ihm.tr\/tr-int\/wp-json\/wp\/v2\/posts\/19027","targetHints":{"allow":["GET"]}}],"collection":[{"href":"https:\/\/www.ihm.tr\/tr-int\/wp-json\/wp\/v2\/posts"}],"about":[{"href":"https:\/\/www.ihm.tr\/tr-int\/wp-json\/wp\/v2\/types\/post"}],"author":[{"embeddable":true,"href":"https:\/\/www.ihm.tr\/tr-int\/wp-json\/wp\/v2\/users\/4"}],"replies":[{"embeddable":true,"href":"https:\/\/www.ihm.tr\/tr-int\/wp-json\/wp\/v2\/comments?post=19027"}],"version-history":[{"count":1,"href":"https:\/\/www.ihm.tr\/tr-int\/wp-json\/wp\/v2\/posts\/19027\/revisions"}],"predecessor-version":[{"id":19029,"href":"https:\/\/www.ihm.tr\/tr-int\/wp-json\/wp\/v2\/posts\/19027\/revisions\/19029"}],"wp:featuredmedia":[{"embeddable":true,"href":"https:\/\/www.ihm.tr\/tr-int\/wp-json\/wp\/v2\/media\/19028"}],"wp:attachment":[{"href":"https:\/\/www.ihm.tr\/tr-int\/wp-json\/wp\/v2\/media?parent=19027"}],"wp:term":[{"taxonomy":"category","embeddable":true,"href":"https:\/\/www.ihm.tr\/tr-int\/wp-json\/wp\/v2\/categories?post=19027"},{"taxonomy":"post_tag","embeddable":true,"href":"https:\/\/www.ihm.tr\/tr-int\/wp-json\/wp\/v2\/tags?post=19027"}],"curies":[{"name":"wp","href":"https:\/\/api.w.org\/{rel}","templated":true}]}}