{"id":2325,"date":"2021-07-30T21:26:00","date_gmt":"2021-07-30T18:26:00","guid":{"rendered":"https:\/\/ihm.com.tr\/?p=2325"},"modified":"2021-07-30T21:26:00","modified_gmt":"2021-07-30T18:26:00","slug":"turkiye-bankalar-birliginden-yangindan-etkilenen-banka-musterilerine-yonelik-tavsiye-karari","status":"publish","type":"post","link":"https:\/\/www.ihm.tr\/tr-int\/sektorel-haberler\/turkiye-bankalar-birliginden-yangindan-etkilenen-banka-musterilerine-yonelik-tavsiye-karari\/2325\/","title":{"rendered":"T\u00fcrkiye Bankalar Birli\u011fi&#8217;nden yang\u0131ndan etkilenen banka m\u00fc\u015fterilerine y\u00f6nelik tavsiye karar\u0131"},"content":{"rendered":"<p>T\u00fcrkiye Bankalar Birli\u011fi (TBB), ya\u015fanan orman yang\u0131nlar\u0131 nedeniyle \u00f6deme g\u00fc\u00e7leri olumsuz etkilenen banka m\u00fc\u015fterilerinin bor\u00e7lar\u0131n\u0131n \u00f6denmesinde veya kendilerine finansman olanaklar\u0131 sunulmas\u0131nda gerekli kolayl\u0131klar\u0131n sa\u011flanmas\u0131 konusunda tavsiye karar\u0131 ald\u0131.<\/p>\n<p>TBB&#8217;den yap\u0131lan a\u00e7\u0131klamada, ya\u015fanan yang\u0131n felaketi nedeniyle TBB Y\u00f6netim Kurulu&#8217;nun bug\u00fcn acil bir toplant\u0131 yapt\u0131\u011f\u0131 bildirildi. A\u00e7\u0131klamada, toplant\u0131n\u0131n i\u00e7eri\u011fine ve al\u0131nan kararlara ili\u015fkin \u015fu ifadelere yer verildi:<\/p>\n<p>&#8220;Yang\u0131n felaketi nedeniyle vefat eden vatanda\u015flar\u0131m\u0131za Allah\u2019tan rahmet, yak\u0131nlar\u0131na ba\u015fsa\u011fl\u0131\u011f\u0131, yaralananlara acil \u015fifalar diliyoruz. Yang\u0131nlarda hayat\u0131n\u0131 kaybeden t\u00fcm canl\u0131lar i\u00e7in de derin bir \u00fcz\u00fcnt\u00fc duyuyoruz. Bu felaketle m\u00fccadele eden herkese \u015f\u00fckranlar\u0131m\u0131z\u0131 sunar\u0131z. Milletimize ve \u00fclkemize ge\u00e7mi\u015f olsun. Yap\u0131lan toplant\u0131da can kay\u0131plar\u0131, ormanlar\u0131n tahribat\u0131 ve maddi zararlar de\u011ferlendirilerek, Bankac\u0131l\u0131k D\u00fczenleme ve Denetleme Kurumu ile e\u015fg\u00fcd\u00fcm halinde, sekt\u00f6r\u00fcn meydana gelen zarar\u0131n ve sorunlar\u0131n hafifletilmesine katk\u0131da bulunmas\u0131, bankac\u0131l\u0131k hizmetlerinin kesintisiz olarak s\u00fcrd\u00fcr\u00fclmesi ve afetin ya\u015fand\u0131\u011f\u0131 b\u00f6lgelerin ihtiya\u00e7 duyabilece\u011fi deste\u011fin sa\u011flanmas\u0131 konular\u0131 g\u00f6r\u00fc\u015f\u00fclm\u00fc\u015ft\u00fcr.&#8221;<\/p>\n<p>Yap\u0131lan g\u00f6r\u00fc\u015fmelerde yang\u0131n\u0131n yol a\u00e7t\u0131\u011f\u0131 tahribat nedeniyle, \u00f6deme g\u00fc\u00e7leri olumsuz etkilenen banka m\u00fc\u015fterilerinin bankalara olan bor\u00e7lar\u0131n\u0131n \u00f6denmesinde ve\/veya kendilerine finansman olanaklar\u0131 sa\u011flanmas\u0131nda gerekli kolayl\u0131klar\u0131n g\u00f6sterilmesi hususunda TBB \u00fcyelerine tavsiyede bulunulmas\u0131na karar verildi\u011fi belirtildi.<\/p>\n<p>Toplant\u0131da ayr\u0131ca, m\u00fccbir halin ya\u015fand\u0131\u011f\u0131 mahalde ikametgah\u0131\/i\u015fyeri adresi veya \u015fubede hesab\u0131 bulunan m\u00fc\u015fterilerin kredi risk, kredi \u00f6deme, senet ve \u00e7ek i\u015flemlerine ili\u015fkin bildirimlerinin, Risk Merkezi m\u00fccbir hal d\u00fczenlemesi \u00e7er\u00e7evesinde yap\u0131lmas\u0131 hususunda gerekli hassasiyetin g\u00f6sterilmesi i\u00e7in Risk Merkezi \u00dcyelerinin bilgilendirilmesine karar verildi. Felaketten etkilendiklerini d\u00fczenlemelere uygun olarak belgeleyen banka m\u00fc\u015fterilerinin de taleplerini bankalara iletmeleri hususunda kamuoyuna bilgi verilmesine karar verildi\u011fi duyuruldu.<\/p>\n<p><strong>A\u011fa\u00e7land\u0131rma \u00e7al\u0131\u015fmalar\u0131 i\u00e7in 1 milyon adet fidan ba\u011f\u0131\u015f\u0131<\/strong><\/p>\n<p>TBB ayr\u0131ca, yang\u0131n sonras\u0131 a\u011fa\u00e7land\u0131rma \u00e7al\u0131\u015fmalar\u0131na 1 milyon fidan ile destek verilece\u011fini a\u00e7\u0131klad\u0131. Birlikten yap\u0131lan konuya ili\u015fkin duyuruda, &#8220;Ortak varl\u0131klar\u0131m\u0131z olan ormanlar\u0131m\u0131z\u0131n yeniden kazan\u0131lmas\u0131 amac\u0131yla yap\u0131lacak a\u011fa\u00e7land\u0131rma \u00e7al\u0131\u015fmalar\u0131nda kullan\u0131lmak \u00fczere TBB \u00fcyelerinden her bir \u00e7al\u0131\u015fan\u0131 i\u00e7in 5 fidan olacak \u015fekilde, adedi 10 TL\u2019den 10 milyon TL tutar\u0131nda yakla\u015f\u0131k 1 milyon adet fidan ba\u011f\u0131\u015fta bulunmas\u0131na karar verilmi\u015ftir.&#8221; ifadelerine yer verildi.<\/p>\n","protected":false},"excerpt":{"rendered":"<p>T\u00fcrkiye Bankalar Birli\u011fi (TBB), ya\u015fanan orman yang\u0131nlar\u0131 nedeniyle \u00f6deme g\u00fc\u00e7leri olumsuz etkilenen banka m\u00fc\u015fterilerinin bor\u00e7lar\u0131n\u0131n \u00f6denmesinde veya kendilerine finansman olanaklar\u0131 sunulmas\u0131nda gerekli kolayl\u0131klar\u0131n sa\u011flanmas\u0131 konusunda tavsiye karar\u0131 ald\u0131.<\/p>\n","protected":false},"author":4,"featured_media":0,"comment_status":"open","ping_status":"open","sticky":false,"template":"","format":"standard","meta":{"footnotes":""},"categories":[52],"tags":[],"class_list":["post-2325","post","type-post","status-publish","format-standard","hentry","category-sektorel-haberler"],"_links":{"self":[{"href":"https:\/\/www.ihm.tr\/tr-int\/wp-json\/wp\/v2\/posts\/2325","targetHints":{"allow":["GET"]}}],"collection":[{"href":"https:\/\/www.ihm.tr\/tr-int\/wp-json\/wp\/v2\/posts"}],"about":[{"href":"https:\/\/www.ihm.tr\/tr-int\/wp-json\/wp\/v2\/types\/post"}],"author":[{"embeddable":true,"href":"https:\/\/www.ihm.tr\/tr-int\/wp-json\/wp\/v2\/users\/4"}],"replies":[{"embeddable":true,"href":"https:\/\/www.ihm.tr\/tr-int\/wp-json\/wp\/v2\/comments?post=2325"}],"version-history":[{"count":1,"href":"https:\/\/www.ihm.tr\/tr-int\/wp-json\/wp\/v2\/posts\/2325\/revisions"}],"predecessor-version":[{"id":2326,"href":"https:\/\/www.ihm.tr\/tr-int\/wp-json\/wp\/v2\/posts\/2325\/revisions\/2326"}],"wp:attachment":[{"href":"https:\/\/www.ihm.tr\/tr-int\/wp-json\/wp\/v2\/media?parent=2325"}],"wp:term":[{"taxonomy":"category","embeddable":true,"href":"https:\/\/www.ihm.tr\/tr-int\/wp-json\/wp\/v2\/categories?post=2325"},{"taxonomy":"post_tag","embeddable":true,"href":"https:\/\/www.ihm.tr\/tr-int\/wp-json\/wp\/v2\/tags?post=2325"}],"curies":[{"name":"wp","href":"https:\/\/api.w.org\/{rel}","templated":true}]}}