{"id":2329,"date":"2021-07-30T21:29:18","date_gmt":"2021-07-30T18:29:18","guid":{"rendered":"https:\/\/ihm.com.tr\/?p=2329"},"modified":"2021-07-30T21:29:18","modified_gmt":"2021-07-30T18:29:18","slug":"dijital-anadolu-projesinde-dijital-donusum-ve-siber-guvenlik-konusuldu","status":"publish","type":"post","link":"https:\/\/www.ihm.tr\/tr-int\/sektorel-haberler\/dijital-anadolu-projesinde-dijital-donusum-ve-siber-guvenlik-konusuldu\/2329\/","title":{"rendered":"Dijital Anadolu Projesi&#8217;nde &#8220;dijital d\u00f6n\u00fc\u015f\u00fcm ve siber g\u00fcvenlik&#8221; konu\u015fuldu"},"content":{"rendered":"<p>T\u00fcrk Giri\u015fim ve \u0130\u015f D\u00fcnyas\u0131 Konfederasyonu (T\u00dcRKONFED) ve T\u00fcrkiye \u0130\u015f Bankas\u0131 i\u015f birli\u011finde dijital liderler ile KOB\u0130&#8217;leri bulu\u015fturan Dijital Anadolu Projesi, &#8220;Dijital D\u00f6n\u00fc\u015f\u00fcm ve Siber G\u00fcvenlik&#8221; ana temas\u0131yla devam etti.<\/p>\n<p>T\u00dcRKONFED&#8217;in a\u00e7\u0131klamas\u0131nda g\u00f6re, \u00fcretime odaklanan sekt\u00f6rlerin dijital d\u00f6n\u00fc\u015f\u00fcm\u00fcne katk\u0131 sa\u011flama hedefiyle hayata ge\u00e7irilen projenin \u00e7evrim i\u00e7i etkinlik serisinin son etkinli\u011fi, &#8220;Dijital D\u00f6n\u00fc\u015f\u00fcm ve Siber G\u00fcvenlik&#8221; ana temas\u0131yla ger\u00e7ekle\u015ftirildi.<\/p>\n<p>Teknoloji yazar\u0131 Serdar Kuzulo\u011flu&#8217;nun moderat\u00f6rl\u00fc\u011f\u00fcnde d\u00fczenlenen y\u0131l\u0131n alt\u0131nc\u0131 etkinli\u011fine, Vodafone T\u00fcrkiye \u0130cra Kurulu Ba\u015fkan Yard\u0131mc\u0131s\u0131 \u00d6zlem Kestio\u011flu, EY T\u00fcrkiye \u015eirket Orta\u011f\u0131 ve Siber G\u00fcvenlik Hizmetleri Lideri \u00dcmit Yal\u00e7\u0131n \u015een ve Softtech Bilgi G\u00fcvenli\u011fi ve Risk Y\u00f6netimi Direkt\u00f6r\u00fc Hasan Reyhano\u011flu kat\u0131ld\u0131.<\/p>\n<p>Etkinlikte konu\u015fan Vodafone T\u00fcrkiye \u0130cra Kurulu Ba\u015fkan Yard\u0131mc\u0131s\u0131 \u00d6zlem Kestio\u011flu, e-ticaretteki hacim art\u0131\u015f\u0131n\u0131n y\u00fczde 60&#8217;\u0131n\u0131n kal\u0131c\u0131 olaca\u011f\u0131n\u0131n ifade edildi\u011fini bildirdi.<\/p>\n<p>Sa\u011fl\u0131ktan finansa, turizmden e\u011fitime, perakendeden bankac\u0131l\u0131\u011fa kadar her sekt\u00f6rde veri analizine dayal\u0131 yapay zeka teknolojilerinin kullan\u0131ld\u0131\u011f\u0131 k\u00f6kl\u00fc de\u011fi\u015fiklikler beklendi\u011fini kaydeden Kestio\u011flu, \u015fu a\u00e7\u0131klamalarda bulundu:<\/p>\n<p>&#8220;Salg\u0131n \u00f6ncesi, fabrikalar\u0131nda t\u00fcm personeliyle s\u00fcre\u00e7lerine devam eden bir firma, Kovid-19 d\u00f6neminde yeni nesil nesnelerin interneti teknolojileri sayesinde \u00fcretim hari\u00e7 t\u00fcm s\u00fcre\u00e7lerini uzaktan y\u00f6netebilecek konuma geldi. Bununla birlikte salg\u0131n s\u00fcrecinde \u015firketlerin en b\u00fcy\u00fck ihtiya\u00e7lar\u0131ndan biri uzaktan \u00e7al\u0131\u015fma teknolojileri oldu. Biz de bu alanda \u00f6zelikle farkl\u0131 ihtiya\u00e7lar i\u00e7in i\u015fletmelere e\u011fitim faaliyetlerinde bulunuyoruz. Vodafone Business olarak \u00f6n\u00fcm\u00fczdeki d\u00f6nemde de KOB\u0130&#8217;lerin dijitalle\u015fmesi i\u00e7in \u00e7al\u0131\u015fmalar\u0131m\u0131za devam edece\u011fiz.&#8221;<\/p>\n<p><strong>&#8220;KOB\u0130&#8217;lere y\u00f6nelik siber g\u00fcvenlik sistemleri sunulmal\u0131&#8221;<\/strong><\/p>\n<p>EY T\u00fcrkiye \u015eirket Orta\u011f\u0131 ve Siber G\u00fcvenlik Hizmetleri Lideri \u00dcmit Yal\u00e7\u0131n \u015een ise T\u00fcrkiye&#8217;nin siber sald\u0131r\u0131 alan \u00fclkeler aras\u0131nda genellikle \u00fcst s\u0131ralarda yer ald\u0131\u011f\u0131n\u0131 belirterek, kurumlar\u0131n genellikle mal ya da hizmet kayb\u0131na yol a\u00e7an bir siber sald\u0131r\u0131yla kar\u015f\u0131la\u015ft\u0131ktan sonra bu alana yat\u0131r\u0131m yapmaya y\u00f6neldiklerini bildirdi.<\/p>\n<p>\u015een, &#8220;Bu nedenle siber g\u00fcvenli\u011fe y\u00f6nelik fark\u0131ndal\u0131\u011f\u0131 art\u0131rmak i\u00e7in hem kamu hem de e\u011fitim hayat\u0131 nezdinde geni\u015f kapsaml\u0131 bir programa ihtiya\u00e7 duydu\u011fumuzu s\u00f6ylemek m\u00fcmk\u00fcn. Salg\u0131n ko\u015fullar\u0131yla birlikte KOB\u0130\u2019lerin siber g\u00fcvenli\u011fe yat\u0131r\u0131m yapmas\u0131 giderek g\u00fc\u00e7le\u015fiyor. Ekosistemin daha makul \u00fccretlerle KOB\u0130&#8217;lere y\u00f6nelik siber g\u00fcvenlik sistemleri sunmas\u0131 faydal\u0131 olacakt\u0131r.&#8221; ifadelerini kulland\u0131.<\/p>\n<p>Softtech Bilgi G\u00fcvenli\u011fi ve Risk Y\u00f6netimi Direkt\u00f6r\u00fc Hasan Reyhano\u011flu da bilginin say\u0131salla\u015fmas\u0131yla risklerin de de\u011fi\u015fti\u011fini belirterek, siber tehditlerden bahsetti.<\/p>\n<p>Reyhano\u011flu, &#8220;G\u00fcn\u00fcm\u00fczde bireylerden KOB\u0130&#8217;lere ve b\u00fcy\u00fck kurumlara kadar herkesi tehdit eden siber riskler var. KOB\u0130&#8217;lerin bu alana yat\u0131r\u0131m ger\u00e7ekle\u015ftirmeleri, en az\u0131ndan temel fark\u0131ndal\u0131k e\u011fitimi almalar\u0131, g\u00fc\u00e7l\u00fc \u015fifreler ve ikinci fakt\u00f6r do\u011frulama kullanmalar\u0131 son derece \u00f6nemli.&#8221; de\u011ferlendirmesinde bulundu.<\/p>\n<p>T\u00dcRKONFED ve T\u00fcrkiye \u0130\u015f Bankas\u0131 i\u015f birli\u011finde 2018&#8217;de ba\u015flayan Dijital Anadolu Projesi, bug\u00fcne kadar 18 bin kat\u0131l\u0131mc\u0131ya ula\u015ft\u0131.<\/p>\n<p>Farkl\u0131 temalar\u0131n i\u015flendi\u011fi etkinlik serisi, her ay\u0131n son per\u015fembe g\u00fcn\u00fc, dijitalle\u015fmeye odaklanan i\u015fletmeleri ve giri\u015fimcileri, dijital liderler ile bulu\u015fturmaya devam edecek.<\/p>\n","protected":false},"excerpt":{"rendered":"<p>T\u00dcRKONFED ile T\u00fcrkiye \u0130\u015f Bankas\u0131 i\u015f birli\u011finde ger\u00e7ekle\u015fen etkinlikte kat\u0131l\u0131mc\u0131lar, KOB\u0130&#8217;lerin siber g\u00fcvenlik alan\u0131nda atmas\u0131 gereken ad\u0131mlara dikkati \u00e7ekti.<\/p>\n","protected":false},"author":4,"featured_media":0,"comment_status":"open","ping_status":"open","sticky":false,"template":"","format":"standard","meta":{"footnotes":""},"categories":[52],"tags":[],"class_list":["post-2329","post","type-post","status-publish","format-standard","hentry","category-sektorel-haberler"],"_links":{"self":[{"href":"https:\/\/www.ihm.tr\/tr-int\/wp-json\/wp\/v2\/posts\/2329","targetHints":{"allow":["GET"]}}],"collection":[{"href":"https:\/\/www.ihm.tr\/tr-int\/wp-json\/wp\/v2\/posts"}],"about":[{"href":"https:\/\/www.ihm.tr\/tr-int\/wp-json\/wp\/v2\/types\/post"}],"author":[{"embeddable":true,"href":"https:\/\/www.ihm.tr\/tr-int\/wp-json\/wp\/v2\/users\/4"}],"replies":[{"embeddable":true,"href":"https:\/\/www.ihm.tr\/tr-int\/wp-json\/wp\/v2\/comments?post=2329"}],"version-history":[{"count":1,"href":"https:\/\/www.ihm.tr\/tr-int\/wp-json\/wp\/v2\/posts\/2329\/revisions"}],"predecessor-version":[{"id":2330,"href":"https:\/\/www.ihm.tr\/tr-int\/wp-json\/wp\/v2\/posts\/2329\/revisions\/2330"}],"wp:attachment":[{"href":"https:\/\/www.ihm.tr\/tr-int\/wp-json\/wp\/v2\/media?parent=2329"}],"wp:term":[{"taxonomy":"category","embeddable":true,"href":"https:\/\/www.ihm.tr\/tr-int\/wp-json\/wp\/v2\/categories?post=2329"},{"taxonomy":"post_tag","embeddable":true,"href":"https:\/\/www.ihm.tr\/tr-int\/wp-json\/wp\/v2\/tags?post=2329"}],"curies":[{"name":"wp","href":"https:\/\/api.w.org\/{rel}","templated":true}]}}