{"id":3483,"date":"2021-09-09T23:41:29","date_gmt":"2021-09-09T20:41:29","guid":{"rendered":"https:\/\/ihm.com.tr\/?p=3483"},"modified":"2021-09-10T03:54:39","modified_gmt":"2021-09-10T00:54:39","slug":"meteorolijiden-istanbul-icin-yarin-cok-kuvvetli-yagis-uyarisi","status":"publish","type":"post","link":"https:\/\/www.ihm.tr\/tr-int\/hava-durumu\/meteorolijiden-istanbul-icin-yarin-cok-kuvvetli-yagis-uyarisi\/3483\/","title":{"rendered":"Meteorolijiden \u0130stanbul i\u00e7in yar\u0131n &#8220;\u00e7ok kuvvetli&#8221; ya\u011f\u0131\u015f uyar\u0131s\u0131"},"content":{"rendered":"<p>\u0130stanbul&#8217;da yar\u0131n yerel olarak kuvvetli ve yer yer \u00e7ok kuvvetli ya\u011f\u0131\u015f bekleniyor.<\/p>\n<p>Meteoroloji Genel M\u00fcd\u00fcrl\u00fc\u011f\u00fcnden yap\u0131lan uyar\u0131ya g\u00f6re, bu gece saatlerinden itibaren kuvvetli ya\u011f\u0131\u015f Marmara B\u00f6lgesi&#8217;nde etkisini g\u00f6sterecek.<\/p>\n<p>\u0130stanbul&#8217;un Avrupa Yakas\u0131&#8217;nda yar\u0131n sabah\u0131n ilk saatlerinden itibaren g\u00f6r\u00fclecek g\u00f6k g\u00fcr\u00fclt\u00fcl\u00fc sa\u011fana\u011f\u0131n zamanla kuvvetini art\u0131rarak il genelinde gece saatlerine kadar s\u00fcrmesi \u00f6ng\u00f6r\u00fcl\u00fcyor. Sa\u011fana\u011f\u0131n yerel olarak kuvvetli ve yer yer \u00e7ok kuvvetli (21-75 kilogram\/metrekare\/12 saat) olaca\u011f\u0131 tahmin ediliyor.<\/p>\n<p>\u00d6te yandan, bu gece saatlerinden itibaren \u00c7anakkale ve Bal\u0131kesir\u2019de, yar\u0131n sabah saatlerinden itibaren Bursa, Yalova, Kocaeli ve Sakarya \u00e7evrelerinde de yerel olarak kuvvetli (21-50 kilogram\/metrekare\/12 saat) sa\u011fanak ve g\u00f6k g\u00fcr\u00fclt\u00fcl\u00fc sa\u011fanak bekleniyor.<\/p>\n<p>Ani sel, su bask\u0131n\u0131, y\u0131ld\u0131r\u0131m, ula\u015f\u0131mda aksamalar gibi olumsuzluklara kar\u015f\u0131 dikkatli ve tedbirli olunmas\u0131 gerekiyor.<\/p>\n","protected":false},"excerpt":{"rendered":"<p>Bu gece saatlerinden itibaren \u00c7anakkale ve Bal\u0131kesir&#8217;de, yar\u0131n sabah saatlerinden itibaren Bursa, Yalova, Kocaeli ve Sakarya \u00e7evrelerinde de kuvvetli sa\u011fanak tahmin ediliyor.<\/p>\n","protected":false},"author":5,"featured_media":3495,"comment_status":"open","ping_status":"open","sticky":false,"template":"","format":"standard","meta":{"footnotes":""},"categories":[26],"tags":[],"class_list":["post-3483","post","type-post","status-publish","format-standard","has-post-thumbnail","hentry","category-hava-durumu"],"_links":{"self":[{"href":"https:\/\/www.ihm.tr\/tr-int\/wp-json\/wp\/v2\/posts\/3483","targetHints":{"allow":["GET"]}}],"collection":[{"href":"https:\/\/www.ihm.tr\/tr-int\/wp-json\/wp\/v2\/posts"}],"about":[{"href":"https:\/\/www.ihm.tr\/tr-int\/wp-json\/wp\/v2\/types\/post"}],"author":[{"embeddable":true,"href":"https:\/\/www.ihm.tr\/tr-int\/wp-json\/wp\/v2\/users\/5"}],"replies":[{"embeddable":true,"href":"https:\/\/www.ihm.tr\/tr-int\/wp-json\/wp\/v2\/comments?post=3483"}],"version-history":[{"count":3,"href":"https:\/\/www.ihm.tr\/tr-int\/wp-json\/wp\/v2\/posts\/3483\/revisions"}],"predecessor-version":[{"id":3487,"href":"https:\/\/www.ihm.tr\/tr-int\/wp-json\/wp\/v2\/posts\/3483\/revisions\/3487"}],"wp:featuredmedia":[{"embeddable":true,"href":"https:\/\/www.ihm.tr\/tr-int\/wp-json\/wp\/v2\/media\/3495"}],"wp:attachment":[{"href":"https:\/\/www.ihm.tr\/tr-int\/wp-json\/wp\/v2\/media?parent=3483"}],"wp:term":[{"taxonomy":"category","embeddable":true,"href":"https:\/\/www.ihm.tr\/tr-int\/wp-json\/wp\/v2\/categories?post=3483"},{"taxonomy":"post_tag","embeddable":true,"href":"https:\/\/www.ihm.tr\/tr-int\/wp-json\/wp\/v2\/tags?post=3483"}],"curies":[{"name":"wp","href":"https:\/\/api.w.org\/{rel}","templated":true}]}}