{"id":6283,"date":"2021-11-26T18:13:23","date_gmt":"2021-11-26T15:13:23","guid":{"rendered":"https:\/\/ihm.com.tr\/?p=6283"},"modified":"2021-11-26T18:13:23","modified_gmt":"2021-11-26T15:13:23","slug":"cingene-ve-meks-gruplarina-operasyon-supheliler-adliyeye-sevk-edildi","status":"publish","type":"post","link":"https:\/\/www.ihm.tr\/tr-int\/istanbul\/cingene-ve-meks-gruplarina-operasyon-supheliler-adliyeye-sevk-edildi\/6283\/","title":{"rendered":"&#8216;\u00c7ingene&#8217; ve &#8216;Meks&#8217; gruplar\u0131na operasyon; \u015f\u00fcpheliler adliyeye sevk edildi"},"content":{"rendered":"<p>\u0130stanbul Organize Su\u00e7larla M\u00fccadele \u015eube M\u00fcd\u00fcrl\u00fc\u011f\u00fc ekipleri, \u0130stanbul merkezli 3 ilde bulunduklar\u0131 b\u00f6lgelerde uyu\u015fturucu pazar\u0131n\u0131 ele ge\u00e7irmek i\u00e7in aralar\u0131nda \u00e7ok say\u0131da silahl\u0131 \u00e7at\u0131\u015fmaya giren iki gruba kar\u015f\u0131 \u00e7al\u0131\u015fma ba\u015flatt\u0131. Su\u00e7 \u00f6rg\u00fct\u00fc olduklar\u0131 belirlenen iki grubun 3 ilde &#8220;Uyu\u015fturucu veya Uyar\u0131c\u0131 Madde \u0130mal veya Ticareti&#8221;, &#8220;Kasten Yaralama&#8221;, &#8220;Mala Zarar Verme&#8221;, &#8220;Tehdit&#8221; gibi bir\u00e7ok su\u00e7a da kar\u0131\u015ft\u0131klar\u0131 tespit edildi. Polis ekipleri &#8220;\u00c7ingene&#8221; lakapl\u0131 \u00dcmit Y. ve &#8220;Meks&#8221; lakapl\u0131 Mehmet Sabri \u015e.&#8217;nin liderliklerini yapt\u0131klar\u0131 iki gruba y\u00f6nelik 19 Kas\u0131m Cuma g\u00fcn\u00fc operasyon d\u00fczenledi. Su\u00e7 \u00f6rg\u00fct\u00fc lideri \u00dcmit. Y. ile 7 adam\u0131n\u0131n cezaevinde oldu\u011fu belirlenirken, polis \u0130stanbul, Giresun ve Tekirda\u011f&#8217;da 8 \u015f\u00fcpheliyi g\u00f6zalt\u0131na ald\u0131. Operasyon kapsam\u0131nda ekiplerce yap\u0131lan \u00e7al\u0131\u015fmalar\u0131n devam\u0131nda, 20 Kas\u0131m Cumartesi G\u00fcn\u00fc Bak\u0131rk\u00f6y\u2019de 1 \u015f\u00fcpheli daha g\u00f6zalt\u0131na al\u0131nd\u0131. Adreslerde yap\u0131lan aramalarda, 5 ruhsats\u0131z tabanca, ruhsats\u0131z av t\u00fcfe\u011fi ele ge\u00e7irildi. G\u00f6zalt\u0131na al\u0131nan 9 \u015f\u00fcpheli bug\u00fcn emniyetteki i\u015flemlerinin ard\u0131ndan sevk adliyeye sevk edildi.<\/p>\n","protected":false},"excerpt":{"rendered":"<p>\u0130STANBUL merkezli 3 ilde &#8216;\u00c7ingene&#8217; lakapl\u0131 \u00dcmit Y. ve &#8216;Meks&#8217; lakapl\u0131 Mehmet Sabri \u015e. isimli ki\u015filerin lideri olduklar\u0131 organize su\u00e7 \u00f6rg\u00fctlerine y\u00f6nelik d\u00fczenlenen operasyonda g\u00f6zalt\u0131na al\u0131nan 9 \u015f\u00fcpheli adliyeye sevk edildi.<\/p>\n","protected":false},"author":6,"featured_media":6285,"comment_status":"open","ping_status":"open","sticky":false,"template":"","format":"standard","meta":{"footnotes":""},"categories":[28],"tags":[73,441,251],"class_list":["post-6283","post","type-post","status-publish","format-standard","has-post-thumbnail","hentry","category-istanbul","tag-manset","tag-operasyon","tag-polis"],"_links":{"self":[{"href":"https:\/\/www.ihm.tr\/tr-int\/wp-json\/wp\/v2\/posts\/6283","targetHints":{"allow":["GET"]}}],"collection":[{"href":"https:\/\/www.ihm.tr\/tr-int\/wp-json\/wp\/v2\/posts"}],"about":[{"href":"https:\/\/www.ihm.tr\/tr-int\/wp-json\/wp\/v2\/types\/post"}],"author":[{"embeddable":true,"href":"https:\/\/www.ihm.tr\/tr-int\/wp-json\/wp\/v2\/users\/6"}],"replies":[{"embeddable":true,"href":"https:\/\/www.ihm.tr\/tr-int\/wp-json\/wp\/v2\/comments?post=6283"}],"version-history":[{"count":1,"href":"https:\/\/www.ihm.tr\/tr-int\/wp-json\/wp\/v2\/posts\/6283\/revisions"}],"predecessor-version":[{"id":6286,"href":"https:\/\/www.ihm.tr\/tr-int\/wp-json\/wp\/v2\/posts\/6283\/revisions\/6286"}],"wp:featuredmedia":[{"embeddable":true,"href":"https:\/\/www.ihm.tr\/tr-int\/wp-json\/wp\/v2\/media\/6285"}],"wp:attachment":[{"href":"https:\/\/www.ihm.tr\/tr-int\/wp-json\/wp\/v2\/media?parent=6283"}],"wp:term":[{"taxonomy":"category","embeddable":true,"href":"https:\/\/www.ihm.tr\/tr-int\/wp-json\/wp\/v2\/categories?post=6283"},{"taxonomy":"post_tag","embeddable":true,"href":"https:\/\/www.ihm.tr\/tr-int\/wp-json\/wp\/v2\/tags?post=6283"}],"curies":[{"name":"wp","href":"https:\/\/api.w.org\/{rel}","templated":true}]}}