{"id":6704,"date":"2021-12-09T13:36:08","date_gmt":"2021-12-09T10:36:08","guid":{"rendered":"https:\/\/ihm.com.tr\/?p=6704"},"modified":"2021-12-09T13:36:08","modified_gmt":"2021-12-09T10:36:08","slug":"sehit-polisin-katil-zanlisi-kafe-denetiminde-yakalandi","status":"publish","type":"post","link":"https:\/\/www.ihm.tr\/tr-int\/istanbul\/arnavutkoy\/sehit-polisin-katil-zanlisi-kafe-denetiminde-yakalandi\/6704\/","title":{"rendered":"\u015eehit polisin katil zanl\u0131s\u0131 kafe denetiminde yakaland\u0131"},"content":{"rendered":"<p>Arnavutk\u00f6y \u0130l\u00e7e Emniyet M\u00fcd\u00fcrl\u00fc\u011f\u00fc Asayi\u015f B\u00fcro Amirli\u011fi Ekipleri taraf\u0131ndan Arnavutk\u00f6y&#8217;de kafelere y\u00f6nelik ger\u00e7ekle\u015ftirilen denetimde, 2017 y\u0131l\u0131nda bir polisin \u015fehit edildi\u011fi olay\u0131n faillerinden birini yakalad\u0131. Denetimler s\u0131ras\u0131nda \u015f\u00fcpheli hareketleri ile polisin dikkatini \u00e7eken ve \u00fczerinde 2 farkl\u0131 sahte kimlik bulunan ki\u015finin Ankara&#8217;n\u0131n Kahramankazan il\u00e7esinde k\u0131z ka\u00e7\u0131rma meselesi y\u00fcz\u00fcnden \u00e7\u0131kan kavga sonras\u0131 ya\u015fanan olaylarda, polis memuru Muhammed Uz&#8217;un \u015fehit edilmesi, bir polis memurunun ise yaralanmas\u0131 olay\u0131n\u0131n faillerinden biri oldu\u011fu tespit edildi. G\u00f6zalt\u0131na al\u0131nan ve ger\u00e7ek isminin Osman Gen\u00e7 oldu\u011fu \u00f6\u011frenilen ki\u015fi, adliyeye sevk edildi. Adliyeye sevk edilen Osman Gen\u00e7 tutuklanarak cezaevine g\u00f6nderildi.<\/p>\n<p><strong>HASMINI VURMAK \u0130STERKEN POL\u0130S\u0130 \u015eEH\u0130T ETT\u0130LER<\/strong><\/p>\n<p>Ankara&#8217;da 2017 y\u0131l\u0131nda k\u0131z ka\u00e7\u0131rma meselesinin devam\u0131nda 1 ki\u015finin \u00f6ld\u00fcr\u00fclmesine ili\u015fkin g\u00f6zalt\u0131na al\u0131nan zanl\u0131 hastaneye g\u00f6t\u00fcr\u00fcl\u00fcrken, hastane \u00f6n\u00fcnde bekleyen 2 ki\u015finin zanl\u0131y\u0131 hedef alarak ate\u015f a\u00e7mas\u0131 sonucu polis memuru Muhammed Uz \u015fehit olmu\u015f, 1 polis memuru ve zanl\u0131 ise yaralanm\u0131\u015ft\u0131. <\/p>\n<p>Polis memurunun Kahramankazan il\u00e7esinde g\u00f6reve ba\u015flad\u0131ktan 1 hafta sonra \u015fehit edilmesi olay\u0131n\u0131 ger\u00e7ekle\u015ftirdi\u011fi iddias\u0131yla 4 y\u0131ld\u0131r her yerde aranan Osman Gen\u00e7, Arnavutk\u00f6y&#8217;de yakaland\u0131. Arnavutk\u00f6y Emniyet M\u00fcd\u00fcrl\u00fc\u011f\u00fc Asayi\u015f B\u00fcro Amirli\u011fi ekiplerinin kafelere y\u00f6nelik ger\u00e7ekle\u015ftirdi\u011fi denetimlerde bir kafede arkada\u015flar\u0131yla oturan ki\u015finin heyecanl\u0131 ve \u015f\u00fcpheli tav\u0131rlar\u0131 dikkat \u00e7ekti. <\/p>\n<p><strong>4 YIL BOYUNCA SAHTE K\u0130ML\u0130KLE KA\u00c7MI\u015e<\/strong><\/p>\n<p>GBT kontrolleri yap\u0131lan ki\u015finin polise verdi\u011fi kimlikteki foto\u011fraf\u0131n GBT sistemindeki foto\u011frafla uyu\u015fmad\u0131\u011f\u0131 tespit edildi. Daha sonra polis ekiplerine ba\u015fka bir isim ve ba\u015fka bir TC numaras\u0131 s\u00f6yleyen \u015f\u00fcphelinin s\u00f6yledi\u011fi yeni bilgiler de sistemdeki bilgilerle uyu\u015fmay\u0131nca, \u015f\u00fcpheli ger\u00e7ek kimli\u011fini polise s\u00f6ylemek zorunda kald\u0131. <\/p>\n<p>4 y\u0131ld\u0131r Arnavutk\u00f6y&#8217;de bir i\u015fletmede sahte kimlikle kasiyerlik yapan Osman Gen\u00e7&#8217;in 2017 y\u0131l\u0131nda Ankara&#8217;n\u0131n Kahramankazan il\u00e7esinde k\u0131z ka\u00e7\u0131rma kavgas\u0131n\u0131n devam\u0131nda 1 polisin \u015fehit edilmesi olay\u0131n\u0131n faili olarak arand\u0131\u011f\u0131 tespit edildi. G\u00f6zalt\u0131na al\u0131nan zanl\u0131n\u0131n evinde yap\u0131lan aramada ise 1 adet ruhsats\u0131z tabanca, 2 adet \u015farj\u00f6r, 66 adet fi\u015fek ve sahte kimlikler ele ge\u00e7irildi. N\u00f6bet\u00e7i mahkemeye \u00e7\u0131kar\u0131lan Osman Gen\u00e7, tutuklanarak cezaevine g\u00f6nderildi. Zanl\u0131n\u0131n kafede polis ekipleri taraf\u0131ndan g\u00f6zalt\u0131na al\u0131nd\u0131\u011f\u0131 o anlar ise g\u00fcvenlik kameralar\u0131 taraf\u0131ndan anbean kaydedildi.<\/p>\n","protected":false},"excerpt":{"rendered":"<p>2017 y\u0131l\u0131nda hen\u00fcz 1 hafta \u00f6ncesinde g\u00f6reve ba\u015flayan polis memuru Muhammed Uz&#8217;un \u015fehit edilmesi olay\u0131n\u0131n faili oldu\u011fu iddia edilen bir ki\u015fi, Arnavutk\u00f6y&#8217;de polisin dikkati sayesinde bir kafede yap\u0131lan denetimde yakaland\u0131.  Zanl\u0131n\u0131n kafede polis ekipleri taraf\u0131ndan g\u00f6zalt\u0131na al\u0131nd\u0131\u011f\u0131 o anlar g\u00fcvenlik kameralar\u0131 taraf\u0131ndan saniye saniye kaydedildi.<\/p>\n","protected":false},"author":6,"featured_media":6706,"comment_status":"open","ping_status":"open","sticky":false,"template":"","format":"standard","meta":{"footnotes":""},"categories":[3],"tags":[73,1811,251,408],"class_list":["post-6704","post","type-post","status-publish","format-standard","has-post-thumbnail","hentry","category-arnavutkoy","tag-manset","tag-muhammed-uz","tag-polis","tag-sehit"],"_links":{"self":[{"href":"https:\/\/www.ihm.tr\/tr-int\/wp-json\/wp\/v2\/posts\/6704","targetHints":{"allow":["GET"]}}],"collection":[{"href":"https:\/\/www.ihm.tr\/tr-int\/wp-json\/wp\/v2\/posts"}],"about":[{"href":"https:\/\/www.ihm.tr\/tr-int\/wp-json\/wp\/v2\/types\/post"}],"author":[{"embeddable":true,"href":"https:\/\/www.ihm.tr\/tr-int\/wp-json\/wp\/v2\/users\/6"}],"replies":[{"embeddable":true,"href":"https:\/\/www.ihm.tr\/tr-int\/wp-json\/wp\/v2\/comments?post=6704"}],"version-history":[{"count":1,"href":"https:\/\/www.ihm.tr\/tr-int\/wp-json\/wp\/v2\/posts\/6704\/revisions"}],"predecessor-version":[{"id":6707,"href":"https:\/\/www.ihm.tr\/tr-int\/wp-json\/wp\/v2\/posts\/6704\/revisions\/6707"}],"wp:featuredmedia":[{"embeddable":true,"href":"https:\/\/www.ihm.tr\/tr-int\/wp-json\/wp\/v2\/media\/6706"}],"wp:attachment":[{"href":"https:\/\/www.ihm.tr\/tr-int\/wp-json\/wp\/v2\/media?parent=6704"}],"wp:term":[{"taxonomy":"category","embeddable":true,"href":"https:\/\/www.ihm.tr\/tr-int\/wp-json\/wp\/v2\/categories?post=6704"},{"taxonomy":"post_tag","embeddable":true,"href":"https:\/\/www.ihm.tr\/tr-int\/wp-json\/wp\/v2\/tags?post=6704"}],"curies":[{"name":"wp","href":"https:\/\/api.w.org\/{rel}","templated":true}]}}